{"id":1063,"date":"2025-03-17T19:26:56","date_gmt":"2025-03-17T19:26:56","guid":{"rendered":"https:\/\/www.projetowebsite.com.br\/marketing-de-conteudo\/?p=1063"},"modified":"2025-03-17T19:28:18","modified_gmt":"2025-03-17T19:28:18","slug":"feiras-e-eventos-como-os-baloes-personalizados-podem-destacar-sua-empresa","status":"publish","type":"post","link":"https:\/\/www.projetowebsite.com.br\/marketing-de-conteudo\/feiras-e-eventos-como-os-baloes-personalizados-podem-destacar-sua-empresa\/","title":{"rendered":"Feiras e Eventos: Como os Bal\u00f5es Personalizados Podem Destacar Sua Empresa"},"content":{"rendered":"\n<p>Participar de feiras e eventos \u00e9 uma excelente estrat\u00e9gia para aumentar a visibilidade da sua empresa e atrair novos clientes. Em meio a diversos expositores, destacar-se da concorr\u00eancia pode ser um desafio. Uma solu\u00e7\u00e3o criativa e impactante \u00e9 o uso de <a href=\"https:\/\/balloonpersonal.com.br\/\" target=\"_blank\" rel=\"noreferrer noopener\">bal\u00f5es personalizados<\/a>, que ajudam a fortalecer a identidade visual da marca e chamar a aten\u00e7\u00e3o do p\u00fablico. Confira como utilizar essa estrat\u00e9gia de forma eficaz!<\/p>\n\n\n\n<ol>\n<li>Atraia a Aten\u00e7\u00e3o com Bal\u00f5es Personalizados Gigantes<br>Bal\u00f5es de grande porte com o logotipo da empresa ou mensagens promocionais s\u00e3o uma excelente maneira de atrair visitantes para o seu estande. Posicionados em locais estrat\u00e9gicos, eles podem ser vistos \u00e0 dist\u00e2ncia e criar curiosidade sobre a marca.<\/li>\n\n\n\n<li>Crie um Ambiente Atraente e Interativo<br>A decora\u00e7\u00e3o do estande tem um papel fundamental na experi\u00eancia dos visitantes. Algumas ideias incluem:<br>Arcos e colunas de bal\u00f5es personalizados para marcar a entrada do estande.<br>Bal\u00f5es com LED, que criam um efeito visual sofisticado e moderno.<br>Backdrop de bal\u00f5es para fotos, incentivando os participantes a tirarem selfies e compartilharem nas redes sociais com hashtags da sua marca.<\/li>\n\n\n\n<li>Bal\u00f5es Como Brindes Promocionais<br>Distribuir bal\u00f5es personalizados como brindes pode aumentar o alcance da sua marca. Os participantes podem levar os bal\u00f5es para casa ou para outros locais do evento, ampliando a exposi\u00e7\u00e3o da empresa.<\/li>\n\n\n\n<li>Bal\u00f5es com QR Code para Engajamento Digital<br>Uma estrat\u00e9gia inovadora \u00e9 personalizar os bal\u00f5es com QR codes, direcionando os visitantes para o site, redes sociais ou promo\u00e7\u00f5es exclusivas. Isso incentiva a intera\u00e7\u00e3o digital e fortalece o relacionamento com o p\u00fablico.<\/li>\n\n\n\n<li>Destaque Lan\u00e7amentos e Promo\u00e7\u00f5es<br>Se sua empresa est\u00e1 lan\u00e7ando um novo produto ou servi\u00e7o, os bal\u00f5es personalizados podem ser usados para dar destaque especial \u00e0 novidade. Algumas formas de aplica\u00e7\u00e3o incluem:<br>Bal\u00f5es suspensos com mensagens promocionais.<br>Placas de ofertas anexadas aos bal\u00f5es.<br>Chuva de bal\u00f5es para revelar promo\u00e7\u00f5es ou premiar clientes.<\/li>\n\n\n\n<li>Personalize os Bal\u00f5es para Diferentes Tipos de Eventos<br>Cada tipo de evento exige um planejamento visual adequado. Algumas sugest\u00f5es:<br>Feiras de neg\u00f3cios: Utilize bal\u00f5es com o logotipo para refor\u00e7ar o branding.<br>Eventos corporativos: Crie um ambiente sofisticado com bal\u00f5es de cores institucionais.<br>Lan\u00e7amentos de produtos: Aposte em bal\u00f5es chamativos para gerar expectativa e curiosidade.<\/li>\n<\/ol>\n","protected":false},"excerpt":{"rendered":"<p>Participar de feiras e eventos \u00e9 uma excelente estrat\u00e9gia para aumentar a visibilidade da sua empresa e atrair novos clientes. Em meio a diversos expositores, destacar-se da concorr\u00eancia pode ser um desafio. Uma solu\u00e7\u00e3o criativa e impactante \u00e9 o uso de bal\u00f5es personalizados, que ajudam a fortalecer a identidade visual da marca e chamar a [&hellip;]<\/p>\n","protected":false},"author":4,"featured_media":1065,"comment_status":"open","ping_status":"open","sticky":false,"template":"","format":"standard","meta":[],"categories":[9,7],"tags":[],"yoast_head":"<!-- This site is optimized with the Yoast SEO plugin v20.5 - https:\/\/yoast.com\/wordpress\/plugins\/seo\/ -->\n<title>Feiras e Eventos: Como os Bal\u00f5es Personalizados Podem Destacar Sua Empresa<\/title>\n<meta name=\"robots\" content=\"index, follow, max-snippet:-1, max-image-preview:large, max-video-preview:-1\" \/>\n<link rel=\"canonical\" href=\"https:\/\/www.projetowebsite.com.br\/marketing-de-conteudo\/feiras-e-eventos-como-os-baloes-personalizados-podem-destacar-sua-empresa\/\" \/>\n<meta property=\"og:locale\" content=\"pt_BR\" \/>\n<meta property=\"og:type\" content=\"article\" \/>\n<meta property=\"og:title\" content=\"Feiras e Eventos: Como os Bal\u00f5es Personalizados Podem Destacar Sua Empresa\" \/>\n<meta property=\"og:description\" content=\"Participar de feiras e eventos \u00e9 uma excelente estrat\u00e9gia para aumentar a visibilidade da sua empresa e atrair novos clientes. Em meio a diversos expositores, destacar-se da concorr\u00eancia pode ser um desafio. Uma solu\u00e7\u00e3o criativa e impactante \u00e9 o uso de bal\u00f5es personalizados, que ajudam a fortalecer a identidade visual da marca e chamar a [&hellip;]\" \/>\n<meta property=\"og:url\" content=\"https:\/\/www.projetowebsite.com.br\/marketing-de-conteudo\/feiras-e-eventos-como-os-baloes-personalizados-podem-destacar-sua-empresa\/\" \/>\n<meta property=\"og:site_name\" content=\"Projeto Web Site\" \/>\n<meta property=\"article:published_time\" content=\"2025-03-17T19:26:56+00:00\" \/>\n<meta property=\"article:modified_time\" content=\"2025-03-17T19:28:18+00:00\" \/>\n<meta property=\"og:image\" content=\"https:\/\/www.projetowebsite.com.br\/marketing-de-conteudo\/wp-content\/uploads\/2025\/03\/feiras-e-eventos-como-os-baloes-personalizados-podem-destacar-sua-empresa.jpg\" \/>\n\t<meta property=\"og:image:width\" content=\"667\" \/>\n\t<meta property=\"og:image:height\" content=\"1000\" \/>\n\t<meta property=\"og:image:type\" content=\"image\/jpeg\" \/>\n<meta name=\"author\" content=\"pw_webmaster_developer\" \/>\n<meta name=\"twitter:card\" content=\"summary_large_image\" \/>\n<meta name=\"twitter:label1\" content=\"Escrito por\" \/>\n\t<meta name=\"twitter:data1\" content=\"pw_webmaster_developer\" \/>\n\t<meta name=\"twitter:label2\" content=\"Est. tempo de leitura\" \/>\n\t<meta name=\"twitter:data2\" content=\"2 minutos\" \/>\n<script type=\"application\/ld+json\" class=\"yoast-schema-graph\">{\"@context\":\"https:\/\/schema.org\",\"@graph\":[{\"@type\":\"WebPage\",\"@id\":\"https:\/\/www.projetowebsite.com.br\/marketing-de-conteudo\/feiras-e-eventos-como-os-baloes-personalizados-podem-destacar-sua-empresa\/\",\"url\":\"https:\/\/www.projetowebsite.com.br\/marketing-de-conteudo\/feiras-e-eventos-como-os-baloes-personalizados-podem-destacar-sua-empresa\/\",\"name\":\"Feiras e Eventos: Como os Bal\u00f5es Personalizados Podem Destacar Sua Empresa\",\"isPartOf\":{\"@id\":\"https:\/\/www.projetowebsite.com.br\/marketing-de-conteudo\/#website\"},\"datePublished\":\"2025-03-17T19:26:56+00:00\",\"dateModified\":\"2025-03-17T19:28:18+00:00\",\"author\":{\"@id\":\"https:\/\/www.projetowebsite.com.br\/marketing-de-conteudo\/#\/schema\/person\/7f9a2712f7b45991f746f3c0446347e7\"},\"breadcrumb\":{\"@id\":\"https:\/\/www.projetowebsite.com.br\/marketing-de-conteudo\/feiras-e-eventos-como-os-baloes-personalizados-podem-destacar-sua-empresa\/#breadcrumb\"},\"inLanguage\":\"pt-BR\",\"potentialAction\":[{\"@type\":\"ReadAction\",\"target\":[\"https:\/\/www.projetowebsite.com.br\/marketing-de-conteudo\/feiras-e-eventos-como-os-baloes-personalizados-podem-destacar-sua-empresa\/\"]}]},{\"@type\":\"BreadcrumbList\",\"@id\":\"https:\/\/www.projetowebsite.com.br\/marketing-de-conteudo\/feiras-e-eventos-como-os-baloes-personalizados-podem-destacar-sua-empresa\/#breadcrumb\",\"itemListElement\":[{\"@type\":\"ListItem\",\"position\":1,\"name\":\"In\u00edcio\",\"item\":\"https:\/\/www.projetowebsite.com.br\/marketing-de-conteudo\/\"},{\"@type\":\"ListItem\",\"position\":2,\"name\":\"Feiras e Eventos: Como os Bal\u00f5es Personalizados Podem Destacar Sua Empresa\"}]},{\"@type\":\"WebSite\",\"@id\":\"https:\/\/www.projetowebsite.com.br\/marketing-de-conteudo\/#website\",\"url\":\"https:\/\/www.projetowebsite.com.br\/marketing-de-conteudo\/\",\"name\":\"Projeto Web Site\",\"description\":\"\",\"potentialAction\":[{\"@type\":\"SearchAction\",\"target\":{\"@type\":\"EntryPoint\",\"urlTemplate\":\"https:\/\/www.projetowebsite.com.br\/marketing-de-conteudo\/?s={search_term_string}\"},\"query-input\":\"required name=search_term_string\"}],\"inLanguage\":\"pt-BR\"},{\"@type\":\"Person\",\"@id\":\"https:\/\/www.projetowebsite.com.br\/marketing-de-conteudo\/#\/schema\/person\/7f9a2712f7b45991f746f3c0446347e7\",\"name\":\"pw_webmaster_developer\",\"image\":{\"@type\":\"ImageObject\",\"inLanguage\":\"pt-BR\",\"@id\":\"https:\/\/www.projetowebsite.com.br\/marketing-de-conteudo\/#\/schema\/person\/image\/\",\"url\":\"https:\/\/www.projetowebsite.com.br\/marketing-de-conteudo\/wp-content\/litespeed\/avatar\/29d81feb7cb4e2de3c0e5529ed23f488.jpg?ver=1776995050\",\"contentUrl\":\"https:\/\/www.projetowebsite.com.br\/marketing-de-conteudo\/wp-content\/litespeed\/avatar\/29d81feb7cb4e2de3c0e5529ed23f488.jpg?ver=1776995050\",\"caption\":\"pw_webmaster_developer\"},\"url\":\"https:\/\/www.projetowebsite.com.br\/marketing-de-conteudo\/author\/pw_webmaster_developer\/\"}]}<\/script>\n<!-- \/ Yoast SEO plugin. -->","yoast_head_json":{"title":"Feiras e Eventos: Como os Bal\u00f5es Personalizados Podem Destacar Sua Empresa","robots":{"index":"index","follow":"follow","max-snippet":"max-snippet:-1","max-image-preview":"max-image-preview:large","max-video-preview":"max-video-preview:-1"},"canonical":"https:\/\/www.projetowebsite.com.br\/marketing-de-conteudo\/feiras-e-eventos-como-os-baloes-personalizados-podem-destacar-sua-empresa\/","og_locale":"pt_BR","og_type":"article","og_title":"Feiras e Eventos: Como os Bal\u00f5es Personalizados Podem Destacar Sua Empresa","og_description":"Participar de feiras e eventos \u00e9 uma excelente estrat\u00e9gia para aumentar a visibilidade da sua empresa e atrair novos clientes. Em meio a diversos expositores, destacar-se da concorr\u00eancia pode ser um desafio. Uma solu\u00e7\u00e3o criativa e impactante \u00e9 o uso de bal\u00f5es personalizados, que ajudam a fortalecer a identidade visual da marca e chamar a [&hellip;]","og_url":"https:\/\/www.projetowebsite.com.br\/marketing-de-conteudo\/feiras-e-eventos-como-os-baloes-personalizados-podem-destacar-sua-empresa\/","og_site_name":"Projeto Web Site","article_published_time":"2025-03-17T19:26:56+00:00","article_modified_time":"2025-03-17T19:28:18+00:00","og_image":[{"width":667,"height":1000,"url":"https:\/\/www.projetowebsite.com.br\/marketing-de-conteudo\/wp-content\/uploads\/2025\/03\/feiras-e-eventos-como-os-baloes-personalizados-podem-destacar-sua-empresa.jpg","type":"image\/jpeg"}],"author":"pw_webmaster_developer","twitter_card":"summary_large_image","twitter_misc":{"Escrito por":"pw_webmaster_developer","Est. tempo de leitura":"2 minutos"},"schema":{"@context":"https:\/\/schema.org","@graph":[{"@type":"WebPage","@id":"https:\/\/www.projetowebsite.com.br\/marketing-de-conteudo\/feiras-e-eventos-como-os-baloes-personalizados-podem-destacar-sua-empresa\/","url":"https:\/\/www.projetowebsite.com.br\/marketing-de-conteudo\/feiras-e-eventos-como-os-baloes-personalizados-podem-destacar-sua-empresa\/","name":"Feiras e Eventos: Como os Bal\u00f5es Personalizados Podem Destacar Sua Empresa","isPartOf":{"@id":"https:\/\/www.projetowebsite.com.br\/marketing-de-conteudo\/#website"},"datePublished":"2025-03-17T19:26:56+00:00","dateModified":"2025-03-17T19:28:18+00:00","author":{"@id":"https:\/\/www.projetowebsite.com.br\/marketing-de-conteudo\/#\/schema\/person\/7f9a2712f7b45991f746f3c0446347e7"},"breadcrumb":{"@id":"https:\/\/www.projetowebsite.com.br\/marketing-de-conteudo\/feiras-e-eventos-como-os-baloes-personalizados-podem-destacar-sua-empresa\/#breadcrumb"},"inLanguage":"pt-BR","potentialAction":[{"@type":"ReadAction","target":["https:\/\/www.projetowebsite.com.br\/marketing-de-conteudo\/feiras-e-eventos-como-os-baloes-personalizados-podem-destacar-sua-empresa\/"]}]},{"@type":"BreadcrumbList","@id":"https:\/\/www.projetowebsite.com.br\/marketing-de-conteudo\/feiras-e-eventos-como-os-baloes-personalizados-podem-destacar-sua-empresa\/#breadcrumb","itemListElement":[{"@type":"ListItem","position":1,"name":"In\u00edcio","item":"https:\/\/www.projetowebsite.com.br\/marketing-de-conteudo\/"},{"@type":"ListItem","position":2,"name":"Feiras e Eventos: Como os Bal\u00f5es Personalizados Podem Destacar Sua Empresa"}]},{"@type":"WebSite","@id":"https:\/\/www.projetowebsite.com.br\/marketing-de-conteudo\/#website","url":"https:\/\/www.projetowebsite.com.br\/marketing-de-conteudo\/","name":"Projeto Web Site","description":"","potentialAction":[{"@type":"SearchAction","target":{"@type":"EntryPoint","urlTemplate":"https:\/\/www.projetowebsite.com.br\/marketing-de-conteudo\/?s={search_term_string}"},"query-input":"required name=search_term_string"}],"inLanguage":"pt-BR"},{"@type":"Person","@id":"https:\/\/www.projetowebsite.com.br\/marketing-de-conteudo\/#\/schema\/person\/7f9a2712f7b45991f746f3c0446347e7","name":"pw_webmaster_developer","image":{"@type":"ImageObject","inLanguage":"pt-BR","@id":"https:\/\/www.projetowebsite.com.br\/marketing-de-conteudo\/#\/schema\/person\/image\/","url":"https:\/\/www.projetowebsite.com.br\/marketing-de-conteudo\/wp-content\/litespeed\/avatar\/29d81feb7cb4e2de3c0e5529ed23f488.jpg?ver=1776995050","contentUrl":"https:\/\/www.projetowebsite.com.br\/marketing-de-conteudo\/wp-content\/litespeed\/avatar\/29d81feb7cb4e2de3c0e5529ed23f488.jpg?ver=1776995050","caption":"pw_webmaster_developer"},"url":"https:\/\/www.projetowebsite.com.br\/marketing-de-conteudo\/author\/pw_webmaster_developer\/"}]}},"_links":{"self":[{"href":"https:\/\/www.projetowebsite.com.br\/marketing-de-conteudo\/wp-json\/wp\/v2\/posts\/1063"}],"collection":[{"href":"https:\/\/www.projetowebsite.com.br\/marketing-de-conteudo\/wp-json\/wp\/v2\/posts"}],"about":[{"href":"https:\/\/www.projetowebsite.com.br\/marketing-de-conteudo\/wp-json\/wp\/v2\/types\/post"}],"author":[{"embeddable":true,"href":"https:\/\/www.projetowebsite.com.br\/marketing-de-conteudo\/wp-json\/wp\/v2\/users\/4"}],"replies":[{"embeddable":true,"href":"https:\/\/www.projetowebsite.com.br\/marketing-de-conteudo\/wp-json\/wp\/v2\/comments?post=1063"}],"version-history":[{"count":2,"href":"https:\/\/www.projetowebsite.com.br\/marketing-de-conteudo\/wp-json\/wp\/v2\/posts\/1063\/revisions"}],"predecessor-version":[{"id":1067,"href":"https:\/\/www.projetowebsite.com.br\/marketing-de-conteudo\/wp-json\/wp\/v2\/posts\/1063\/revisions\/1067"}],"wp:featuredmedia":[{"embeddable":true,"href":"https:\/\/www.projetowebsite.com.br\/marketing-de-conteudo\/wp-json\/wp\/v2\/media\/1065"}],"wp:attachment":[{"href":"https:\/\/www.projetowebsite.com.br\/marketing-de-conteudo\/wp-json\/wp\/v2\/media?parent=1063"}],"wp:term":[{"taxonomy":"category","embeddable":true,"href":"https:\/\/www.projetowebsite.com.br\/marketing-de-conteudo\/wp-json\/wp\/v2\/categories?post=1063"},{"taxonomy":"post_tag","embeddable":true,"href":"https:\/\/www.projetowebsite.com.br\/marketing-de-conteudo\/wp-json\/wp\/v2\/tags?post=1063"}],"curies":[{"name":"wp","href":"https:\/\/api.w.org\/{rel}","templated":true}]}}