{"id":1060,"date":"2025-03-12T20:25:37","date_gmt":"2025-03-12T20:25:37","guid":{"rendered":"https:\/\/www.projetowebsite.com.br\/marketing-de-conteudo\/?p=1060"},"modified":"2025-03-12T20:25:38","modified_gmt":"2025-03-12T20:25:38","slug":"baloes-personalizados-as-melhores-ideias-para-festas-e-eventos","status":"publish","type":"post","link":"https:\/\/www.projetowebsite.com.br\/marketing-de-conteudo\/baloes-personalizados-as-melhores-ideias-para-festas-e-eventos\/","title":{"rendered":"Bal\u00f5es Personalizados: As Melhores Ideias para Festas e Eventos"},"content":{"rendered":"\n<p>Os <a href=\"https:\/\/balloonpersonal.com.br\/\" target=\"_blank\" rel=\"noreferrer noopener\">bal\u00f5es personalizados<\/a> s\u00e3o uma tend\u00eancia cada vez mais popular para transformar festas e eventos em momentos inesquec\u00edveis. Seja para anivers\u00e1rios, casamentos, ch\u00e1s de beb\u00ea ou eventos corporativos, a personaliza\u00e7\u00e3o dos bal\u00f5es adiciona um toque especial e exclusivo \u00e0 decora\u00e7\u00e3o. Descubra abaixo as melhores ideias para usar bal\u00f5es personalizados e tornar sua celebra\u00e7\u00e3o \u00fanica!<\/p>\n\n\n\n<ol>\n<li>Arcos de Bal\u00f5es Personalizados<br>Os arcos de bal\u00f5es s\u00e3o um dos itens mais desejados na decora\u00e7\u00e3o de festas. Voc\u00ea pode personaliz\u00e1-los com cores tem\u00e1ticas, nomes, frases especiais e at\u00e9 mesmo logotipos, caso seja um evento corporativo. Eles s\u00e3o perfeitos para destacar a entrada da festa, a mesa do bolo ou criar um cen\u00e1rio especial para fotos.<\/li>\n\n\n\n<li>Bal\u00f5es com Nomes e Mensagens<br>Uma maneira simples e encantadora de personalizar bal\u00f5es \u00e9 adicionar nomes, frases motivacionais ou mensagens carinhosas. Essa op\u00e7\u00e3o \u00e9 perfeita para anivers\u00e1rios, pedidos de casamento e at\u00e9 mesmo para eventos empresariais, transmitindo a identidade da marca de forma criativa.<\/li>\n\n\n\n<li>Bal\u00f5es com LED para Festas Noturnas<br>Para eventos realizados \u00e0 noite, os bal\u00f5es com LED s\u00e3o uma excelente escolha. Eles criam um efeito visual incr\u00edvel, deixando o ambiente mais sofisticado e moderno. Al\u00e9m disso, podem ser personalizados com cores vibrantes e diferentes formatos, garantindo um toque especial \u00e0 decora\u00e7\u00e3o.<\/li>\n\n\n\n<li>Bal\u00f5es com Confete ou Recheados<br>Bal\u00f5es transparentes recheados com confete, glitter ou at\u00e9 mesmo pequenos bal\u00f5es dentro s\u00e3o uma tend\u00eancia super divertida. Al\u00e9m de embelezar a decora\u00e7\u00e3o, eles s\u00e3o ideais para momentos especiais, como revela\u00e7\u00f5es de g\u00eanero em ch\u00e1s de beb\u00ea ou surpresas rom\u00e2nticas.<\/li>\n\n\n\n<li>Bal\u00f5es Personalizados para Empresas<br>Para eventos corporativos, feiras e lan\u00e7amentos de produtos, os bal\u00f5es personalizados s\u00e3o uma ferramenta de marketing poderosa. Podem conter o logo da empresa, mensagens promocionais e at\u00e9 mesmo QR codes para intera\u00e7\u00f5es digitais. Eles ajudam a chamar a aten\u00e7\u00e3o e fortalecer a identidade visual da marca.<\/li>\n\n\n\n<li>Buqu\u00eas de Bal\u00f5es Personalizados<br>Seja para presentear algu\u00e9m especial ou como parte da decora\u00e7\u00e3o da festa, os buqu\u00eas de bal\u00f5es s\u00e3o uma op\u00e7\u00e3o encantadora. Eles podem ser compostos por bal\u00f5es de diferentes tamanhos, formatos e materiais, criando um arranjo sofisticado e criativo.<\/li>\n\n\n\n<li>Bal\u00f5es com Formatos Diferenciados<br>Bal\u00f5es em formatos de n\u00fameros, letras, personagens ou s\u00edmbolos tem\u00e1ticos d\u00e3o um charme extra \u00e0 festa. Para anivers\u00e1rios infantis, por exemplo, personagens de desenhos animados fazem sucesso entre as crian\u00e7as. J\u00e1 para eventos adultos, formatos como cora\u00e7\u00f5es, estrelas e an\u00e9is podem ser uma excelente escolha.<\/li>\n<\/ol>\n","protected":false},"excerpt":{"rendered":"<p>Os bal\u00f5es personalizados s\u00e3o uma tend\u00eancia cada vez mais popular para transformar festas e eventos em momentos inesquec\u00edveis. Seja para anivers\u00e1rios, casamentos, ch\u00e1s de beb\u00ea ou eventos corporativos, a personaliza\u00e7\u00e3o dos bal\u00f5es adiciona um toque especial e exclusivo \u00e0 decora\u00e7\u00e3o. Descubra abaixo as melhores ideias para usar bal\u00f5es personalizados e tornar sua celebra\u00e7\u00e3o \u00fanica!<\/p>\n","protected":false},"author":4,"featured_media":1061,"comment_status":"open","ping_status":"open","sticky":false,"template":"","format":"standard","meta":[],"categories":[9],"tags":[],"yoast_head":"<!-- This site is optimized with the Yoast SEO plugin v20.5 - https:\/\/yoast.com\/wordpress\/plugins\/seo\/ -->\n<title>Bal\u00f5es Personalizados: As Melhores Ideias para Festas e Eventos<\/title>\n<meta name=\"robots\" content=\"index, follow, max-snippet:-1, max-image-preview:large, max-video-preview:-1\" \/>\n<link rel=\"canonical\" href=\"https:\/\/www.projetowebsite.com.br\/marketing-de-conteudo\/baloes-personalizados-as-melhores-ideias-para-festas-e-eventos\/\" \/>\n<meta property=\"og:locale\" content=\"pt_BR\" \/>\n<meta property=\"og:type\" content=\"article\" \/>\n<meta property=\"og:title\" content=\"Bal\u00f5es Personalizados: As Melhores Ideias para Festas e Eventos\" \/>\n<meta property=\"og:description\" content=\"Os bal\u00f5es personalizados s\u00e3o uma tend\u00eancia cada vez mais popular para transformar festas e eventos em momentos inesquec\u00edveis. Seja para anivers\u00e1rios, casamentos, ch\u00e1s de beb\u00ea ou eventos corporativos, a personaliza\u00e7\u00e3o dos bal\u00f5es adiciona um toque especial e exclusivo \u00e0 decora\u00e7\u00e3o. Descubra abaixo as melhores ideias para usar bal\u00f5es personalizados e tornar sua celebra\u00e7\u00e3o \u00fanica!\" \/>\n<meta property=\"og:url\" content=\"https:\/\/www.projetowebsite.com.br\/marketing-de-conteudo\/baloes-personalizados-as-melhores-ideias-para-festas-e-eventos\/\" \/>\n<meta property=\"og:site_name\" content=\"Projeto Web Site\" \/>\n<meta property=\"article:published_time\" content=\"2025-03-12T20:25:37+00:00\" \/>\n<meta property=\"article:modified_time\" content=\"2025-03-12T20:25:38+00:00\" \/>\n<meta property=\"og:image\" content=\"https:\/\/www.projetowebsite.com.br\/marketing-de-conteudo\/wp-content\/uploads\/2025\/03\/Baloes-Personalizados-As-Melhores-Ideias-para-Festas-e-Eventos.jpg\" \/>\n\t<meta property=\"og:image:width\" content=\"1000\" \/>\n\t<meta property=\"og:image:height\" content=\"667\" \/>\n\t<meta property=\"og:image:type\" content=\"image\/jpeg\" \/>\n<meta name=\"author\" content=\"pw_webmaster_developer\" \/>\n<meta name=\"twitter:card\" content=\"summary_large_image\" \/>\n<meta name=\"twitter:label1\" content=\"Escrito por\" \/>\n\t<meta name=\"twitter:data1\" content=\"pw_webmaster_developer\" \/>\n\t<meta name=\"twitter:label2\" content=\"Est. tempo de leitura\" \/>\n\t<meta name=\"twitter:data2\" content=\"3 minutos\" \/>\n<script type=\"application\/ld+json\" class=\"yoast-schema-graph\">{\"@context\":\"https:\/\/schema.org\",\"@graph\":[{\"@type\":\"WebPage\",\"@id\":\"https:\/\/www.projetowebsite.com.br\/marketing-de-conteudo\/baloes-personalizados-as-melhores-ideias-para-festas-e-eventos\/\",\"url\":\"https:\/\/www.projetowebsite.com.br\/marketing-de-conteudo\/baloes-personalizados-as-melhores-ideias-para-festas-e-eventos\/\",\"name\":\"Bal\u00f5es Personalizados: As Melhores Ideias para Festas e Eventos\",\"isPartOf\":{\"@id\":\"https:\/\/www.projetowebsite.com.br\/marketing-de-conteudo\/#website\"},\"datePublished\":\"2025-03-12T20:25:37+00:00\",\"dateModified\":\"2025-03-12T20:25:38+00:00\",\"author\":{\"@id\":\"https:\/\/www.projetowebsite.com.br\/marketing-de-conteudo\/#\/schema\/person\/7f9a2712f7b45991f746f3c0446347e7\"},\"breadcrumb\":{\"@id\":\"https:\/\/www.projetowebsite.com.br\/marketing-de-conteudo\/baloes-personalizados-as-melhores-ideias-para-festas-e-eventos\/#breadcrumb\"},\"inLanguage\":\"pt-BR\",\"potentialAction\":[{\"@type\":\"ReadAction\",\"target\":[\"https:\/\/www.projetowebsite.com.br\/marketing-de-conteudo\/baloes-personalizados-as-melhores-ideias-para-festas-e-eventos\/\"]}]},{\"@type\":\"BreadcrumbList\",\"@id\":\"https:\/\/www.projetowebsite.com.br\/marketing-de-conteudo\/baloes-personalizados-as-melhores-ideias-para-festas-e-eventos\/#breadcrumb\",\"itemListElement\":[{\"@type\":\"ListItem\",\"position\":1,\"name\":\"In\u00edcio\",\"item\":\"https:\/\/www.projetowebsite.com.br\/marketing-de-conteudo\/\"},{\"@type\":\"ListItem\",\"position\":2,\"name\":\"Bal\u00f5es Personalizados: As Melhores Ideias para Festas e Eventos\"}]},{\"@type\":\"WebSite\",\"@id\":\"https:\/\/www.projetowebsite.com.br\/marketing-de-conteudo\/#website\",\"url\":\"https:\/\/www.projetowebsite.com.br\/marketing-de-conteudo\/\",\"name\":\"Projeto Web Site\",\"description\":\"\",\"potentialAction\":[{\"@type\":\"SearchAction\",\"target\":{\"@type\":\"EntryPoint\",\"urlTemplate\":\"https:\/\/www.projetowebsite.com.br\/marketing-de-conteudo\/?s={search_term_string}\"},\"query-input\":\"required name=search_term_string\"}],\"inLanguage\":\"pt-BR\"},{\"@type\":\"Person\",\"@id\":\"https:\/\/www.projetowebsite.com.br\/marketing-de-conteudo\/#\/schema\/person\/7f9a2712f7b45991f746f3c0446347e7\",\"name\":\"pw_webmaster_developer\",\"image\":{\"@type\":\"ImageObject\",\"inLanguage\":\"pt-BR\",\"@id\":\"https:\/\/www.projetowebsite.com.br\/marketing-de-conteudo\/#\/schema\/person\/image\/\",\"url\":\"https:\/\/www.projetowebsite.com.br\/marketing-de-conteudo\/wp-content\/litespeed\/avatar\/29d81feb7cb4e2de3c0e5529ed23f488.jpg?ver=1776995050\",\"contentUrl\":\"https:\/\/www.projetowebsite.com.br\/marketing-de-conteudo\/wp-content\/litespeed\/avatar\/29d81feb7cb4e2de3c0e5529ed23f488.jpg?ver=1776995050\",\"caption\":\"pw_webmaster_developer\"},\"url\":\"https:\/\/www.projetowebsite.com.br\/marketing-de-conteudo\/author\/pw_webmaster_developer\/\"}]}<\/script>\n<!-- \/ Yoast SEO plugin. -->","yoast_head_json":{"title":"Bal\u00f5es Personalizados: As Melhores Ideias para Festas e Eventos","robots":{"index":"index","follow":"follow","max-snippet":"max-snippet:-1","max-image-preview":"max-image-preview:large","max-video-preview":"max-video-preview:-1"},"canonical":"https:\/\/www.projetowebsite.com.br\/marketing-de-conteudo\/baloes-personalizados-as-melhores-ideias-para-festas-e-eventos\/","og_locale":"pt_BR","og_type":"article","og_title":"Bal\u00f5es Personalizados: As Melhores Ideias para Festas e Eventos","og_description":"Os bal\u00f5es personalizados s\u00e3o uma tend\u00eancia cada vez mais popular para transformar festas e eventos em momentos inesquec\u00edveis. Seja para anivers\u00e1rios, casamentos, ch\u00e1s de beb\u00ea ou eventos corporativos, a personaliza\u00e7\u00e3o dos bal\u00f5es adiciona um toque especial e exclusivo \u00e0 decora\u00e7\u00e3o. Descubra abaixo as melhores ideias para usar bal\u00f5es personalizados e tornar sua celebra\u00e7\u00e3o \u00fanica!","og_url":"https:\/\/www.projetowebsite.com.br\/marketing-de-conteudo\/baloes-personalizados-as-melhores-ideias-para-festas-e-eventos\/","og_site_name":"Projeto Web Site","article_published_time":"2025-03-12T20:25:37+00:00","article_modified_time":"2025-03-12T20:25:38+00:00","og_image":[{"width":1000,"height":667,"url":"https:\/\/www.projetowebsite.com.br\/marketing-de-conteudo\/wp-content\/uploads\/2025\/03\/Baloes-Personalizados-As-Melhores-Ideias-para-Festas-e-Eventos.jpg","type":"image\/jpeg"}],"author":"pw_webmaster_developer","twitter_card":"summary_large_image","twitter_misc":{"Escrito por":"pw_webmaster_developer","Est. tempo de leitura":"3 minutos"},"schema":{"@context":"https:\/\/schema.org","@graph":[{"@type":"WebPage","@id":"https:\/\/www.projetowebsite.com.br\/marketing-de-conteudo\/baloes-personalizados-as-melhores-ideias-para-festas-e-eventos\/","url":"https:\/\/www.projetowebsite.com.br\/marketing-de-conteudo\/baloes-personalizados-as-melhores-ideias-para-festas-e-eventos\/","name":"Bal\u00f5es Personalizados: As Melhores Ideias para Festas e Eventos","isPartOf":{"@id":"https:\/\/www.projetowebsite.com.br\/marketing-de-conteudo\/#website"},"datePublished":"2025-03-12T20:25:37+00:00","dateModified":"2025-03-12T20:25:38+00:00","author":{"@id":"https:\/\/www.projetowebsite.com.br\/marketing-de-conteudo\/#\/schema\/person\/7f9a2712f7b45991f746f3c0446347e7"},"breadcrumb":{"@id":"https:\/\/www.projetowebsite.com.br\/marketing-de-conteudo\/baloes-personalizados-as-melhores-ideias-para-festas-e-eventos\/#breadcrumb"},"inLanguage":"pt-BR","potentialAction":[{"@type":"ReadAction","target":["https:\/\/www.projetowebsite.com.br\/marketing-de-conteudo\/baloes-personalizados-as-melhores-ideias-para-festas-e-eventos\/"]}]},{"@type":"BreadcrumbList","@id":"https:\/\/www.projetowebsite.com.br\/marketing-de-conteudo\/baloes-personalizados-as-melhores-ideias-para-festas-e-eventos\/#breadcrumb","itemListElement":[{"@type":"ListItem","position":1,"name":"In\u00edcio","item":"https:\/\/www.projetowebsite.com.br\/marketing-de-conteudo\/"},{"@type":"ListItem","position":2,"name":"Bal\u00f5es Personalizados: As Melhores Ideias para Festas e Eventos"}]},{"@type":"WebSite","@id":"https:\/\/www.projetowebsite.com.br\/marketing-de-conteudo\/#website","url":"https:\/\/www.projetowebsite.com.br\/marketing-de-conteudo\/","name":"Projeto Web Site","description":"","potentialAction":[{"@type":"SearchAction","target":{"@type":"EntryPoint","urlTemplate":"https:\/\/www.projetowebsite.com.br\/marketing-de-conteudo\/?s={search_term_string}"},"query-input":"required name=search_term_string"}],"inLanguage":"pt-BR"},{"@type":"Person","@id":"https:\/\/www.projetowebsite.com.br\/marketing-de-conteudo\/#\/schema\/person\/7f9a2712f7b45991f746f3c0446347e7","name":"pw_webmaster_developer","image":{"@type":"ImageObject","inLanguage":"pt-BR","@id":"https:\/\/www.projetowebsite.com.br\/marketing-de-conteudo\/#\/schema\/person\/image\/","url":"https:\/\/www.projetowebsite.com.br\/marketing-de-conteudo\/wp-content\/litespeed\/avatar\/29d81feb7cb4e2de3c0e5529ed23f488.jpg?ver=1776995050","contentUrl":"https:\/\/www.projetowebsite.com.br\/marketing-de-conteudo\/wp-content\/litespeed\/avatar\/29d81feb7cb4e2de3c0e5529ed23f488.jpg?ver=1776995050","caption":"pw_webmaster_developer"},"url":"https:\/\/www.projetowebsite.com.br\/marketing-de-conteudo\/author\/pw_webmaster_developer\/"}]}},"_links":{"self":[{"href":"https:\/\/www.projetowebsite.com.br\/marketing-de-conteudo\/wp-json\/wp\/v2\/posts\/1060"}],"collection":[{"href":"https:\/\/www.projetowebsite.com.br\/marketing-de-conteudo\/wp-json\/wp\/v2\/posts"}],"about":[{"href":"https:\/\/www.projetowebsite.com.br\/marketing-de-conteudo\/wp-json\/wp\/v2\/types\/post"}],"author":[{"embeddable":true,"href":"https:\/\/www.projetowebsite.com.br\/marketing-de-conteudo\/wp-json\/wp\/v2\/users\/4"}],"replies":[{"embeddable":true,"href":"https:\/\/www.projetowebsite.com.br\/marketing-de-conteudo\/wp-json\/wp\/v2\/comments?post=1060"}],"version-history":[{"count":1,"href":"https:\/\/www.projetowebsite.com.br\/marketing-de-conteudo\/wp-json\/wp\/v2\/posts\/1060\/revisions"}],"predecessor-version":[{"id":1062,"href":"https:\/\/www.projetowebsite.com.br\/marketing-de-conteudo\/wp-json\/wp\/v2\/posts\/1060\/revisions\/1062"}],"wp:featuredmedia":[{"embeddable":true,"href":"https:\/\/www.projetowebsite.com.br\/marketing-de-conteudo\/wp-json\/wp\/v2\/media\/1061"}],"wp:attachment":[{"href":"https:\/\/www.projetowebsite.com.br\/marketing-de-conteudo\/wp-json\/wp\/v2\/media?parent=1060"}],"wp:term":[{"taxonomy":"category","embeddable":true,"href":"https:\/\/www.projetowebsite.com.br\/marketing-de-conteudo\/wp-json\/wp\/v2\/categories?post=1060"},{"taxonomy":"post_tag","embeddable":true,"href":"https:\/\/www.projetowebsite.com.br\/marketing-de-conteudo\/wp-json\/wp\/v2\/tags?post=1060"}],"curies":[{"name":"wp","href":"https:\/\/api.w.org\/{rel}","templated":true}]}}